{"id":10832,"date":"2024-12-22T23:04:54","date_gmt":"2024-12-22T22:04:54","guid":{"rendered":"https:\/\/thesoundofthecosta.com\/benidorm-adjusts-driving-direction-in-rincon-de-loix\/"},"modified":"2024-12-22T23:04:54","modified_gmt":"2024-12-22T22:04:54","slug":"benidorm-adjusts-driving-direction-in-rincon-de-loix","status":"publish","type":"post","link":"https:\/\/thesoundofthecosta.com\/en\/benidorm-adjusts-driving-direction-in-rincon-de-loix\/","title":{"rendered":"Benidorm adjusts driving direction in Rinc\u00f3n de Loix"},"content":{"rendered":"<p>In Benidorm, the municipality has changed the direction of traffic in the Rinc\u00f3n de Loix. According to the municipality, this is to promote sustainable mobility and improve access for motorists. Furthermore, the streets Manuel Catal\u00e1n Chana and Sierra Dorada will become two-way streets. The changes in the direction of traffic will also direct traffic away from the boulevard. The Alcalde Manuel Catal\u00e1n used to be an uphill street to the junction with the Sierra Dorada. From now on, there will be a two-way downhill route from Avenida Madrid to the Trinisol II building.     <\/p>\n","protected":false},"excerpt":{"rendered":"<p>In Benidorm, the municipality has changed the direction of traffic in the Rinc\u00f3n de Loix. According to the municipality, this is to promote sustainable mobility and improve access for motorists. Furthermore, the streets Manuel Catal\u00e1n Chana and Sierra Dorada will become two-way streets. The changes in the direction of traffic ...<\/p>\n","protected":false},"author":2,"featured_media":9394,"comment_status":"closed","ping_status":"closed","sticky":false,"template":"","format":"standard","meta":{"inline_featured_image":false,"footnotes":"","jetpack_publicize_message":"","jetpack_publicize_feature_enabled":true,"jetpack_social_post_already_shared":false,"jetpack_social_options":{"image_generator_settings":{"template":"highway","default_image_id":0,"font":"","enabled":false},"version":2}},"categories":[180],"tags":[739,740,239,444,737,455,738,736,741],"class_list":["post-10832","post","type-post","status-publish","format-standard","has-post-thumbnail","hentry","category-benidorm-en","tag-alcalde-manuel-catalan-en","tag-avenida-madrid-en","tag-benidorm-en","tag-gemeente-en","tag-manuel-catalan-chana-en","tag-rincon-de-loix-en","tag-sierra-dorada-en","tag-travel-direction","tag-trinisol-ii-building"],"yoast_head":"<!-- This site is optimized with the Yoast SEO plugin v27.5 - https:\/\/yoast.com\/product\/yoast-seo-wordpress\/ -->\n<title>Benidorm adjusts driving direction in Rinc\u00f3n de Loix - The Sound Of The Costa<\/title>\n<meta name=\"description\" content=\"In Benidorm, the municipality has changed the direction of travel in the Rinc\u00f3n de Loix to promote sustainable mobility.\" \/>\n<meta name=\"robots\" content=\"index, follow, max-snippet:-1, max-image-preview:large, max-video-preview:-1\" \/>\n<link rel=\"canonical\" href=\"https:\/\/thesoundofthecosta.com\/en\/benidorm-adjusts-driving-direction-in-rincon-de-loix\/\" \/>\n<meta property=\"og:locale\" content=\"en_US\" \/>\n<meta property=\"og:type\" content=\"article\" \/>\n<meta property=\"og:title\" content=\"Benidorm adjusts driving direction in Rinc\u00f3n de Loix - The Sound Of The Costa\" \/>\n<meta property=\"og:description\" content=\"In Benidorm, the municipality has changed the direction of travel in the Rinc\u00f3n de Loix to promote sustainable mobility.\" \/>\n<meta property=\"og:url\" content=\"https:\/\/thesoundofthecosta.com\/en\/benidorm-adjusts-driving-direction-in-rincon-de-loix\/\" \/>\n<meta property=\"og:site_name\" content=\"The Sound Of The Costa\" \/>\n<meta property=\"article:published_time\" content=\"2024-12-22T22:04:54+00:00\" \/>\n<meta property=\"og:image\" content=\"https:\/\/thesoundofthecosta.com\/wp-content\/uploads\/2024\/12\/wegwerkers-actief-in-Benidorm-roadworkers-citywork-gemeentewerkers.png\" \/>\n\t<meta property=\"og:image:width\" content=\"600\" \/>\n\t<meta property=\"og:image:height\" content=\"400\" \/>\n\t<meta property=\"og:image:type\" content=\"image\/png\" \/>\n<meta name=\"author\" content=\"Redactie\" \/>\n<meta name=\"twitter:card\" content=\"summary_large_image\" \/>\n<meta name=\"twitter:label1\" content=\"Written by\" \/>\n\t<meta name=\"twitter:data1\" content=\"Redactie\" \/>\n<script type=\"application\/ld+json\" class=\"yoast-schema-graph\">{\"@context\":\"https:\\\/\\\/schema.org\",\"@graph\":[{\"@type\":\"Article\",\"@id\":\"https:\\\/\\\/thesoundofthecosta.com\\\/en\\\/benidorm-adjusts-driving-direction-in-rincon-de-loix\\\/#article\",\"isPartOf\":{\"@id\":\"https:\\\/\\\/thesoundofthecosta.com\\\/en\\\/benidorm-adjusts-driving-direction-in-rincon-de-loix\\\/\"},\"author\":{\"name\":\"Redactie\",\"@id\":\"https:\\\/\\\/thesoundofthecosta.com\\\/en\\\/#\\\/schema\\\/person\\\/b262ca7b5103cf724bbcb3730a113c58\"},\"headline\":\"Benidorm adjusts driving direction in Rinc\u00f3n de Loix\",\"datePublished\":\"2024-12-22T22:04:54+00:00\",\"mainEntityOfPage\":{\"@id\":\"https:\\\/\\\/thesoundofthecosta.com\\\/en\\\/benidorm-adjusts-driving-direction-in-rincon-de-loix\\\/\"},\"wordCount\":105,\"publisher\":{\"@id\":\"https:\\\/\\\/thesoundofthecosta.com\\\/en\\\/#organization\"},\"image\":{\"@id\":\"https:\\\/\\\/thesoundofthecosta.com\\\/en\\\/benidorm-adjusts-driving-direction-in-rincon-de-loix\\\/#primaryimage\"},\"thumbnailUrl\":\"https:\\\/\\\/thesoundofthecosta.com\\\/wp-content\\\/uploads\\\/2024\\\/12\\\/wegwerkers-actief-in-Benidorm-roadworkers-citywork-gemeentewerkers.png\",\"keywords\":[\"Alcalde Manuel Catal\u00e1n\",\"Avenida Madrid\",\"Benidorm\",\"gemeente\",\"Manuel Catal\u00e1n Chana\",\"Rinc\u00f3n de Loix\",\"Sierra Dorada\",\"travel direction\",\"Trinisol II building\"],\"articleSection\":[\"Benidorm\"],\"inLanguage\":\"en-US\"},{\"@type\":\"WebPage\",\"@id\":\"https:\\\/\\\/thesoundofthecosta.com\\\/en\\\/benidorm-adjusts-driving-direction-in-rincon-de-loix\\\/\",\"url\":\"https:\\\/\\\/thesoundofthecosta.com\\\/en\\\/benidorm-adjusts-driving-direction-in-rincon-de-loix\\\/\",\"name\":\"Benidorm adjusts driving direction in Rinc\u00f3n de Loix - The Sound Of The Costa\",\"isPartOf\":{\"@id\":\"https:\\\/\\\/thesoundofthecosta.com\\\/en\\\/#website\"},\"primaryImageOfPage\":{\"@id\":\"https:\\\/\\\/thesoundofthecosta.com\\\/en\\\/benidorm-adjusts-driving-direction-in-rincon-de-loix\\\/#primaryimage\"},\"image\":{\"@id\":\"https:\\\/\\\/thesoundofthecosta.com\\\/en\\\/benidorm-adjusts-driving-direction-in-rincon-de-loix\\\/#primaryimage\"},\"thumbnailUrl\":\"https:\\\/\\\/thesoundofthecosta.com\\\/wp-content\\\/uploads\\\/2024\\\/12\\\/wegwerkers-actief-in-Benidorm-roadworkers-citywork-gemeentewerkers.png\",\"datePublished\":\"2024-12-22T22:04:54+00:00\",\"description\":\"In Benidorm, the municipality has changed the direction of travel in the Rinc\u00f3n de Loix to promote sustainable mobility.\",\"breadcrumb\":{\"@id\":\"https:\\\/\\\/thesoundofthecosta.com\\\/en\\\/benidorm-adjusts-driving-direction-in-rincon-de-loix\\\/#breadcrumb\"},\"inLanguage\":\"en-US\",\"potentialAction\":[{\"@type\":\"ReadAction\",\"target\":[\"https:\\\/\\\/thesoundofthecosta.com\\\/en\\\/benidorm-adjusts-driving-direction-in-rincon-de-loix\\\/\"]}]},{\"@type\":\"ImageObject\",\"inLanguage\":\"en-US\",\"@id\":\"https:\\\/\\\/thesoundofthecosta.com\\\/en\\\/benidorm-adjusts-driving-direction-in-rincon-de-loix\\\/#primaryimage\",\"url\":\"https:\\\/\\\/thesoundofthecosta.com\\\/wp-content\\\/uploads\\\/2024\\\/12\\\/wegwerkers-actief-in-Benidorm-roadworkers-citywork-gemeentewerkers.png\",\"contentUrl\":\"https:\\\/\\\/thesoundofthecosta.com\\\/wp-content\\\/uploads\\\/2024\\\/12\\\/wegwerkers-actief-in-Benidorm-roadworkers-citywork-gemeentewerkers.png\",\"width\":600,\"height\":400,\"caption\":\"Benidorm, rijrichting, gemeentewerkers, roadworkers, city,\"},{\"@type\":\"BreadcrumbList\",\"@id\":\"https:\\\/\\\/thesoundofthecosta.com\\\/en\\\/benidorm-adjusts-driving-direction-in-rincon-de-loix\\\/#breadcrumb\",\"itemListElement\":[{\"@type\":\"ListItem\",\"position\":1,\"name\":\"Home\",\"item\":\"https:\\\/\\\/thesoundofthecosta.com\\\/en\\\/\"},{\"@type\":\"ListItem\",\"position\":2,\"name\":\"Benidorm adjusts driving direction in Rinc\u00f3n de Loix\"}]},{\"@type\":\"WebSite\",\"@id\":\"https:\\\/\\\/thesoundofthecosta.com\\\/en\\\/#website\",\"url\":\"https:\\\/\\\/thesoundofthecosta.com\\\/en\\\/\",\"name\":\"The Sound Of The Costa\",\"description\":\"Lifestyle, news and radio at the Spanish coastline\",\"publisher\":{\"@id\":\"https:\\\/\\\/thesoundofthecosta.com\\\/en\\\/#organization\"},\"potentialAction\":[{\"@type\":\"SearchAction\",\"target\":{\"@type\":\"EntryPoint\",\"urlTemplate\":\"https:\\\/\\\/thesoundofthecosta.com\\\/en\\\/?s={search_term_string}\"},\"query-input\":{\"@type\":\"PropertyValueSpecification\",\"valueRequired\":true,\"valueName\":\"search_term_string\"}}],\"inLanguage\":\"en-US\"},{\"@type\":\"Organization\",\"@id\":\"https:\\\/\\\/thesoundofthecosta.com\\\/en\\\/#organization\",\"name\":\"The Sound Of The Costa\",\"url\":\"https:\\\/\\\/thesoundofthecosta.com\\\/en\\\/\",\"logo\":{\"@type\":\"ImageObject\",\"inLanguage\":\"en-US\",\"@id\":\"https:\\\/\\\/thesoundofthecosta.com\\\/en\\\/#\\\/schema\\\/logo\\\/image\\\/\",\"url\":\"https:\\\/\\\/thesoundofthecosta.com\\\/wp-content\\\/uploads\\\/2020\\\/12\\\/the-sound-of-the-costa-logo-small.svg\",\"contentUrl\":\"https:\\\/\\\/thesoundofthecosta.com\\\/wp-content\\\/uploads\\\/2020\\\/12\\\/the-sound-of-the-costa-logo-small.svg\",\"width\":512,\"height\":512,\"caption\":\"The Sound Of The Costa\"},\"image\":{\"@id\":\"https:\\\/\\\/thesoundofthecosta.com\\\/en\\\/#\\\/schema\\\/logo\\\/image\\\/\"}},{\"@type\":\"Person\",\"@id\":\"https:\\\/\\\/thesoundofthecosta.com\\\/en\\\/#\\\/schema\\\/person\\\/b262ca7b5103cf724bbcb3730a113c58\",\"name\":\"Redactie\",\"image\":{\"@type\":\"ImageObject\",\"inLanguage\":\"en-US\",\"@id\":\"https:\\\/\\\/secure.gravatar.com\\\/avatar\\\/1ef8b1902d2f0d878f8ecaac34e6804d601636c494554e9a36445969bdfefcb7?s=96&d=mm&r=g\",\"url\":\"https:\\\/\\\/secure.gravatar.com\\\/avatar\\\/1ef8b1902d2f0d878f8ecaac34e6804d601636c494554e9a36445969bdfefcb7?s=96&d=mm&r=g\",\"contentUrl\":\"https:\\\/\\\/secure.gravatar.com\\\/avatar\\\/1ef8b1902d2f0d878f8ecaac34e6804d601636c494554e9a36445969bdfefcb7?s=96&d=mm&r=g\",\"caption\":\"Redactie\"},\"url\":\"https:\\\/\\\/thesoundofthecosta.com\\\/en\\\/author\\\/ops_tsotcrv\\\/\"}]}<\/script>\n<!-- \/ Yoast SEO plugin. -->","yoast_head_json":{"title":"Benidorm adjusts driving direction in Rinc\u00f3n de Loix - The Sound Of The Costa","description":"In Benidorm, the municipality has changed the direction of travel in the Rinc\u00f3n de Loix to promote sustainable mobility.","robots":{"index":"index","follow":"follow","max-snippet":"max-snippet:-1","max-image-preview":"max-image-preview:large","max-video-preview":"max-video-preview:-1"},"canonical":"https:\/\/thesoundofthecosta.com\/en\/benidorm-adjusts-driving-direction-in-rincon-de-loix\/","og_locale":"en_US","og_type":"article","og_title":"Benidorm adjusts driving direction in Rinc\u00f3n de Loix - The Sound Of The Costa","og_description":"In Benidorm, the municipality has changed the direction of travel in the Rinc\u00f3n de Loix to promote sustainable mobility.","og_url":"https:\/\/thesoundofthecosta.com\/en\/benidorm-adjusts-driving-direction-in-rincon-de-loix\/","og_site_name":"The Sound Of The Costa","article_published_time":"2024-12-22T22:04:54+00:00","og_image":[{"width":600,"height":400,"url":"https:\/\/thesoundofthecosta.com\/wp-content\/uploads\/2024\/12\/wegwerkers-actief-in-Benidorm-roadworkers-citywork-gemeentewerkers.png","type":"image\/png"}],"author":"Redactie","twitter_card":"summary_large_image","twitter_misc":{"Written by":"Redactie"},"schema":{"@context":"https:\/\/schema.org","@graph":[{"@type":"Article","@id":"https:\/\/thesoundofthecosta.com\/en\/benidorm-adjusts-driving-direction-in-rincon-de-loix\/#article","isPartOf":{"@id":"https:\/\/thesoundofthecosta.com\/en\/benidorm-adjusts-driving-direction-in-rincon-de-loix\/"},"author":{"name":"Redactie","@id":"https:\/\/thesoundofthecosta.com\/en\/#\/schema\/person\/b262ca7b5103cf724bbcb3730a113c58"},"headline":"Benidorm adjusts driving direction in Rinc\u00f3n de Loix","datePublished":"2024-12-22T22:04:54+00:00","mainEntityOfPage":{"@id":"https:\/\/thesoundofthecosta.com\/en\/benidorm-adjusts-driving-direction-in-rincon-de-loix\/"},"wordCount":105,"publisher":{"@id":"https:\/\/thesoundofthecosta.com\/en\/#organization"},"image":{"@id":"https:\/\/thesoundofthecosta.com\/en\/benidorm-adjusts-driving-direction-in-rincon-de-loix\/#primaryimage"},"thumbnailUrl":"https:\/\/thesoundofthecosta.com\/wp-content\/uploads\/2024\/12\/wegwerkers-actief-in-Benidorm-roadworkers-citywork-gemeentewerkers.png","keywords":["Alcalde Manuel Catal\u00e1n","Avenida Madrid","Benidorm","gemeente","Manuel Catal\u00e1n Chana","Rinc\u00f3n de Loix","Sierra Dorada","travel direction","Trinisol II building"],"articleSection":["Benidorm"],"inLanguage":"en-US"},{"@type":"WebPage","@id":"https:\/\/thesoundofthecosta.com\/en\/benidorm-adjusts-driving-direction-in-rincon-de-loix\/","url":"https:\/\/thesoundofthecosta.com\/en\/benidorm-adjusts-driving-direction-in-rincon-de-loix\/","name":"Benidorm adjusts driving direction in Rinc\u00f3n de Loix - The Sound Of The Costa","isPartOf":{"@id":"https:\/\/thesoundofthecosta.com\/en\/#website"},"primaryImageOfPage":{"@id":"https:\/\/thesoundofthecosta.com\/en\/benidorm-adjusts-driving-direction-in-rincon-de-loix\/#primaryimage"},"image":{"@id":"https:\/\/thesoundofthecosta.com\/en\/benidorm-adjusts-driving-direction-in-rincon-de-loix\/#primaryimage"},"thumbnailUrl":"https:\/\/thesoundofthecosta.com\/wp-content\/uploads\/2024\/12\/wegwerkers-actief-in-Benidorm-roadworkers-citywork-gemeentewerkers.png","datePublished":"2024-12-22T22:04:54+00:00","description":"In Benidorm, the municipality has changed the direction of travel in the Rinc\u00f3n de Loix to promote sustainable mobility.","breadcrumb":{"@id":"https:\/\/thesoundofthecosta.com\/en\/benidorm-adjusts-driving-direction-in-rincon-de-loix\/#breadcrumb"},"inLanguage":"en-US","potentialAction":[{"@type":"ReadAction","target":["https:\/\/thesoundofthecosta.com\/en\/benidorm-adjusts-driving-direction-in-rincon-de-loix\/"]}]},{"@type":"ImageObject","inLanguage":"en-US","@id":"https:\/\/thesoundofthecosta.com\/en\/benidorm-adjusts-driving-direction-in-rincon-de-loix\/#primaryimage","url":"https:\/\/thesoundofthecosta.com\/wp-content\/uploads\/2024\/12\/wegwerkers-actief-in-Benidorm-roadworkers-citywork-gemeentewerkers.png","contentUrl":"https:\/\/thesoundofthecosta.com\/wp-content\/uploads\/2024\/12\/wegwerkers-actief-in-Benidorm-roadworkers-citywork-gemeentewerkers.png","width":600,"height":400,"caption":"Benidorm, rijrichting, gemeentewerkers, roadworkers, city,"},{"@type":"BreadcrumbList","@id":"https:\/\/thesoundofthecosta.com\/en\/benidorm-adjusts-driving-direction-in-rincon-de-loix\/#breadcrumb","itemListElement":[{"@type":"ListItem","position":1,"name":"Home","item":"https:\/\/thesoundofthecosta.com\/en\/"},{"@type":"ListItem","position":2,"name":"Benidorm adjusts driving direction in Rinc\u00f3n de Loix"}]},{"@type":"WebSite","@id":"https:\/\/thesoundofthecosta.com\/en\/#website","url":"https:\/\/thesoundofthecosta.com\/en\/","name":"The Sound Of The Costa","description":"Lifestyle, news and radio at the Spanish coastline","publisher":{"@id":"https:\/\/thesoundofthecosta.com\/en\/#organization"},"potentialAction":[{"@type":"SearchAction","target":{"@type":"EntryPoint","urlTemplate":"https:\/\/thesoundofthecosta.com\/en\/?s={search_term_string}"},"query-input":{"@type":"PropertyValueSpecification","valueRequired":true,"valueName":"search_term_string"}}],"inLanguage":"en-US"},{"@type":"Organization","@id":"https:\/\/thesoundofthecosta.com\/en\/#organization","name":"The Sound Of The Costa","url":"https:\/\/thesoundofthecosta.com\/en\/","logo":{"@type":"ImageObject","inLanguage":"en-US","@id":"https:\/\/thesoundofthecosta.com\/en\/#\/schema\/logo\/image\/","url":"https:\/\/thesoundofthecosta.com\/wp-content\/uploads\/2020\/12\/the-sound-of-the-costa-logo-small.svg","contentUrl":"https:\/\/thesoundofthecosta.com\/wp-content\/uploads\/2020\/12\/the-sound-of-the-costa-logo-small.svg","width":512,"height":512,"caption":"The Sound Of The Costa"},"image":{"@id":"https:\/\/thesoundofthecosta.com\/en\/#\/schema\/logo\/image\/"}},{"@type":"Person","@id":"https:\/\/thesoundofthecosta.com\/en\/#\/schema\/person\/b262ca7b5103cf724bbcb3730a113c58","name":"Redactie","image":{"@type":"ImageObject","inLanguage":"en-US","@id":"https:\/\/secure.gravatar.com\/avatar\/1ef8b1902d2f0d878f8ecaac34e6804d601636c494554e9a36445969bdfefcb7?s=96&d=mm&r=g","url":"https:\/\/secure.gravatar.com\/avatar\/1ef8b1902d2f0d878f8ecaac34e6804d601636c494554e9a36445969bdfefcb7?s=96&d=mm&r=g","contentUrl":"https:\/\/secure.gravatar.com\/avatar\/1ef8b1902d2f0d878f8ecaac34e6804d601636c494554e9a36445969bdfefcb7?s=96&d=mm&r=g","caption":"Redactie"},"url":"https:\/\/thesoundofthecosta.com\/en\/author\/ops_tsotcrv\/"}]}},"jetpack_publicize_connections":[],"_links":{"self":[{"href":"https:\/\/thesoundofthecosta.com\/en\/wp-json\/wp\/v2\/posts\/10832","targetHints":{"allow":["GET"]}}],"collection":[{"href":"https:\/\/thesoundofthecosta.com\/en\/wp-json\/wp\/v2\/posts"}],"about":[{"href":"https:\/\/thesoundofthecosta.com\/en\/wp-json\/wp\/v2\/types\/post"}],"author":[{"embeddable":true,"href":"https:\/\/thesoundofthecosta.com\/en\/wp-json\/wp\/v2\/users\/2"}],"replies":[{"embeddable":true,"href":"https:\/\/thesoundofthecosta.com\/en\/wp-json\/wp\/v2\/comments?post=10832"}],"version-history":[{"count":0,"href":"https:\/\/thesoundofthecosta.com\/en\/wp-json\/wp\/v2\/posts\/10832\/revisions"}],"wp:featuredmedia":[{"embeddable":true,"href":"https:\/\/thesoundofthecosta.com\/en\/wp-json\/wp\/v2\/media\/9394"}],"wp:attachment":[{"href":"https:\/\/thesoundofthecosta.com\/en\/wp-json\/wp\/v2\/media?parent=10832"}],"wp:term":[{"taxonomy":"category","embeddable":true,"href":"https:\/\/thesoundofthecosta.com\/en\/wp-json\/wp\/v2\/categories?post=10832"},{"taxonomy":"post_tag","embeddable":true,"href":"https:\/\/thesoundofthecosta.com\/en\/wp-json\/wp\/v2\/tags?post=10832"}],"curies":[{"name":"wp","href":"https:\/\/api.w.org\/{rel}","templated":true}]}}